{"id":846,"date":"2019-07-11T14:06:37","date_gmt":"2019-07-11T12:06:37","guid":{"rendered":"http:\/\/biosedev.com\/?p=846"},"modified":"2020-03-30T11:06:54","modified_gmt":"2020-03-30T09:06:54","slug":"lancement-alienor-transfert","status":"publish","type":"post","link":"https:\/\/biosedev.com\/index.php\/2019\/07\/11\/lancement-alienor-transfert\/","title":{"rendered":"Lancement Ali\u00e9nor Transfert"},"content":{"rendered":"<!-- wp:paragraph--><div class=\"gridContainer\">\n<p>\n\nLancement de l&#8217;&nbsp;<a href=\"https:\/\/www.facebook.com\/hashtag\/agenceali%C3%A9nortransfert?source=feed_text&amp;epa=HASHTAG&amp;__xts__%5B0%5D=68.ARDEMVAkxfFupoFYejaZunfDtwaXau5YK36IDGLXoDz2vTsb1LF1S9lg-vCdRwGQxbRPorhw7sF70iL-iX6NV0VsNhpNOOXkdKOdeTVSrJB8lJTU1AY_HyuN1SS_hDBOBM90lHfer3xpVSJVywEa2L1CeK6JZPBbdQQK35o4gNgebeexPAbVZ5vuRPctAIfaj_5oOK2ZCRXDIHkj8ZYwny3hI3bhWr_7bKVjBojfcH54gEFMwoY_4zRc-KfwzwoJMI1FUBGiunkYdksfMHNGNybX-ikaQy5xsfHoK_kRpK_WWkpIrKllPmVcsAxRl5GpYQ3i59nDshXv-jjGglJ_QCE&amp;__tn__=%2ANK-R\">#agenceAli\u00e9norTransfert<\/a>&nbsp;ce 9 juillet : acc\u00e9l\u00e9rateur de transfert de technologie de la recherche publique vers les entreprises sur le nord de la R\u00e9gion Nouvelle-Aquitaine &#8211;&nbsp;<a href=\"https:\/\/www.facebook.com\/BIOSEDEV\/?__tn__=K-R&amp;eid=ARAk5wXI6n3ixCzb073LN4ogOuFF2MRwn1tyfMBn57JGcsjWHnwtWASH1QLTUcjIHZwT66lZCRigrjby&amp;fref=mentions&amp;__xts__%5B0%5D=68.ARDEMVAkxfFupoFYejaZunfDtwaXau5YK36IDGLXoDz2vTsb1LF1S9lg-vCdRwGQxbRPorhw7sF70iL-iX6NV0VsNhpNOOXkdKOdeTVSrJB8lJTU1AY_HyuN1SS_hDBOBM90lHfer3xpVSJVywEa2L1CeK6JZPBbdQQK35o4gNgebeexPAbVZ5vuRPctAIfaj_5oOK2ZCRXDIHkj8ZYwny3hI3bhWr_7bKVjBojfcH54gEFMwoY_4zRc-KfwzwoJMI1FUBGiunkYdksfMHNGNybX-ikaQy5xsfHoK_kRpK_WWkpIrKllPmVcsAxRl5GpYQ3i59nDshXv-jjGglJ_QCE\">BioseDev<\/a>&nbsp;\u00e9tait pr\u00e9sent \u00e0 l\u2019inauguration !\n\n<\/p>\n<\/div><!-- \/wp:paragraph-->","protected":false},"excerpt":{"rendered":"<p>Lancement de l&#8217;&nbsp;#agenceAli\u00e9norTransfert&nbsp;ce 9 juillet : acc\u00e9l\u00e9rateur de transfert de technologie de la recherche publique vers les entreprises sur le nord de la R\u00e9gion Nouvelle-Aquitaine &#8211;&nbsp;BioseDev&nbsp;\u00e9tait pr\u00e9sent \u00e0 l\u2019inauguration !<\/p>\n","protected":false},"author":1,"featured_media":848,"comment_status":"open","ping_status":"open","sticky":false,"template":"","format":"standard","meta":[],"categories":[12],"tags":[],"_links":{"self":[{"href":"https:\/\/biosedev.com\/index.php\/wp-json\/wp\/v2\/posts\/846"}],"collection":[{"href":"https:\/\/biosedev.com\/index.php\/wp-json\/wp\/v2\/posts"}],"about":[{"href":"https:\/\/biosedev.com\/index.php\/wp-json\/wp\/v2\/types\/post"}],"author":[{"embeddable":true,"href":"https:\/\/biosedev.com\/index.php\/wp-json\/wp\/v2\/users\/1"}],"replies":[{"embeddable":true,"href":"https:\/\/biosedev.com\/index.php\/wp-json\/wp\/v2\/comments?post=846"}],"version-history":[{"count":1,"href":"https:\/\/biosedev.com\/index.php\/wp-json\/wp\/v2\/posts\/846\/revisions"}],"predecessor-version":[{"id":849,"href":"https:\/\/biosedev.com\/index.php\/wp-json\/wp\/v2\/posts\/846\/revisions\/849"}],"wp:featuredmedia":[{"embeddable":true,"href":"https:\/\/biosedev.com\/index.php\/wp-json\/wp\/v2\/media\/848"}],"wp:attachment":[{"href":"https:\/\/biosedev.com\/index.php\/wp-json\/wp\/v2\/media?parent=846"}],"wp:term":[{"taxonomy":"category","embeddable":true,"href":"https:\/\/biosedev.com\/index.php\/wp-json\/wp\/v2\/categories?post=846"},{"taxonomy":"post_tag","embeddable":true,"href":"https:\/\/biosedev.com\/index.php\/wp-json\/wp\/v2\/tags?post=846"}],"curies":[{"name":"wp","href":"https:\/\/api.w.org\/{rel}","templated":true}]}}